{"id":7907,"date":"2024-12-23T16:37:25","date_gmt":"2024-12-23T16:37:25","guid":{"rendered":"https:\/\/miradyved.org\/?p=7907"},"modified":"2024-12-26T17:33:31","modified_gmt":"2024-12-26T17:33:31","slug":"nuria-barrera-cartelista-de-la-semana-santa-2025-de-olivares","status":"publish","type":"post","link":"https:\/\/miradyved.org\/index.php\/2024\/12\/23\/nuria-barrera-cartelista-de-la-semana-santa-2025-de-olivares\/","title":{"rendered":"Nuria Barrera, cartelista de la Semana Santa 2025 de Olivares"},"content":{"rendered":"\t\t<div data-elementor-type=\"wp-post\" data-elementor-id=\"7907\" class=\"elementor elementor-7907\" data-elementor-post-type=\"post\">\n\t\t\t\t<div class=\"elementor-element elementor-element-9ad6bd3 e-flex e-con-boxed e-con e-parent\" data-id=\"9ad6bd3\" data-element_type=\"container\" data-e-type=\"container\">\n\t\t\t\t\t<div class=\"e-con-inner\">\n\t\t<div class=\"elementor-element elementor-element-8ef7678 e-con-full e-flex e-con e-child\" data-id=\"8ef7678\" data-element_type=\"container\" data-e-type=\"container\">\n\t\t\t\t<div class=\"elementor-element elementor-element-49eaccc elementor-widget elementor-widget-image\" data-id=\"49eaccc\" data-element_type=\"widget\" data-e-type=\"widget\" data-widget_type=\"image.default\">\n\t\t\t\t<div class=\"elementor-widget-container\">\n\t\t\t\t\t\t\t\t\t\t\t\t\t\t\t<img fetchpriority=\"high\" decoding=\"async\" width=\"768\" height=\"1024\" src=\"https:\/\/miradyved.org\/wp-content\/uploads\/2024\/12\/WhatsApp-Image-2024-12-18-at-14.03.29-768x1024.jpeg\" class=\"attachment-large size-large wp-image-7908\" alt=\"\" srcset=\"https:\/\/miradyved.org\/wp-content\/uploads\/2024\/12\/WhatsApp-Image-2024-12-18-at-14.03.29-768x1024.jpeg 768w, https:\/\/miradyved.org\/wp-content\/uploads\/2024\/12\/WhatsApp-Image-2024-12-18-at-14.03.29-225x300.jpeg 225w, https:\/\/miradyved.org\/wp-content\/uploads\/2024\/12\/WhatsApp-Image-2024-12-18-at-14.03.29-1152x1536.jpeg 1152w, https:\/\/miradyved.org\/wp-content\/uploads\/2024\/12\/WhatsApp-Image-2024-12-18-at-14.03.29-1536x2048.jpeg 1536w, https:\/\/miradyved.org\/wp-content\/uploads\/2024\/12\/WhatsApp-Image-2024-12-18-at-14.03.29-scaled.jpeg 1920w\" sizes=\"(max-width: 768px) 100vw, 768px\" \/>\t\t\t\t\t\t\t\t\t\t\t\t\t\t\t<\/div>\n\t\t\t\t<\/div>\n\t\t\t\t<\/div>\n\t\t<div class=\"elementor-element elementor-element-d5a6af8 e-con-full e-flex e-con e-child\" data-id=\"d5a6af8\" data-element_type=\"container\" data-e-type=\"container\">\n\t\t<div class=\"elementor-element elementor-element-4a09e62 e-con-full e-flex e-con e-child\" data-id=\"4a09e62\" data-element_type=\"container\" data-e-type=\"container\">\n\t\t\t\t<div class=\"elementor-element elementor-element-ebfd4d4 elementor-widget elementor-widget-text-editor\" data-id=\"ebfd4d4\" data-element_type=\"widget\" data-e-type=\"widget\" data-widget_type=\"text-editor.default\">\n\t\t\t\t<div class=\"elementor-widget-container\">\n\t\t\t\t\t\t\t\t\t<p><span style=\"color: var( --e-global-color-text ); font-family: var( --e-global-typography-text-font-family ), Sans-serif; font-weight: var( --e-global-typography-text-font-weight ); text-align: var(--text-align); font-size: 1rem;\">La reconocida pintora andaluza Nuria Barrera ha sido elegida por nuestra Hermandad para realizar el cartel anunciador de la Semana Santa este a\u00f1o, marcando un hito hist\u00f3rico al convertirse en la primera mujer que asume esta responsabilidad en nuestra celebraci\u00f3n.\u00a0\u00a0<\/span><\/p><p>Con una destacada trayectoria art\u00edstica a nivel nacional e internacional, Nuria Barrera se ha consolidado como una de las figuras m\u00e1s relevantes del arte sacro contempor\u00e1neo. Su estilo \u00fanico, caracterizado por una profunda sensibilidad hacia la tradici\u00f3n, un magistral manejo de la luz y el uso distintivo del color azul, ha cautivado a p\u00fablicos de todo el mundo.\u00a0\u00a0<\/p><p>El acto de presentaci\u00f3n del cartel tendr\u00e1 lugar en el Teatro Municipal de Olivares en fechas cercanas al inicio de la Cuaresma, un evento muy esperado que marcar\u00e1 oficialmente el comienzo de la cuenta regresiva hacia nuestra Semana Santa.<\/p>\t\t\t\t\t\t\t\t<\/div>\n\t\t\t\t<\/div>\n\t\t\t\t<\/div>\n\t\t<div class=\"elementor-element elementor-element-01f41f3 e-con-full e-flex e-con e-child\" data-id=\"01f41f3\" data-element_type=\"container\" data-e-type=\"container\">\n\t\t\t\t<div class=\"elementor-element elementor-element-bdcd52f elementor-widget elementor-widget-image\" data-id=\"bdcd52f\" data-element_type=\"widget\" data-e-type=\"widget\" data-widget_type=\"image.default\">\n\t\t\t\t<div class=\"elementor-widget-container\">\n\t\t\t\t\t\t\t\t\t\t\t\t\t\t\t<img decoding=\"async\" width=\"800\" height=\"600\" src=\"https:\/\/miradyved.org\/wp-content\/uploads\/2024\/12\/WhatsApp-Image-2024-12-18-at-14.03.28-1024x768.jpeg\" class=\"attachment-large size-large wp-image-7909\" alt=\"\" srcset=\"https:\/\/miradyved.org\/wp-content\/uploads\/2024\/12\/WhatsApp-Image-2024-12-18-at-14.03.28-1024x768.jpeg 1024w, https:\/\/miradyved.org\/wp-content\/uploads\/2024\/12\/WhatsApp-Image-2024-12-18-at-14.03.28-300x225.jpeg 300w, https:\/\/miradyved.org\/wp-content\/uploads\/2024\/12\/WhatsApp-Image-2024-12-18-at-14.03.28-768x576.jpeg 768w, https:\/\/miradyved.org\/wp-content\/uploads\/2024\/12\/WhatsApp-Image-2024-12-18-at-14.03.28-1536x1152.jpeg 1536w, https:\/\/miradyved.org\/wp-content\/uploads\/2024\/12\/WhatsApp-Image-2024-12-18-at-14.03.28-2048x1536.jpeg 2048w\" sizes=\"(max-width: 800px) 100vw, 800px\" \/>\t\t\t\t\t\t\t\t\t\t\t\t\t\t\t<\/div>\n\t\t\t\t<\/div>\n\t\t\t\t<\/div>\n\t\t\t\t<\/div>\n\t\t\t\t\t<\/div>\n\t\t\t\t<\/div>\n\t\t\t\t<\/div>\n\t\t","protected":false},"excerpt":{"rendered":"<p>La reconocida pintora andaluza Nuria Barrera ha sido elegida por nuestra Hermandad para realizar el cartel anunciador de la Semana Santa este a\u00f1o, marcando un hito hist\u00f3rico al convertirse en la primera mujer que asume esta responsabilidad en nuestra celebraci\u00f3n.\u00a0\u00a0 Con una destacada trayectoria art\u00edstica a nivel nacional e internacional, Nuria Barrera se ha consolidado [&hellip;]<\/p>\n","protected":false},"author":4,"featured_media":7908,"comment_status":"closed","ping_status":"closed","sticky":false,"template":"","format":"standard","meta":{"footnotes":""},"categories":[12],"tags":[],"class_list":["post-7907","post","type-post","status-publish","format-standard","has-post-thumbnail","hentry","category-noticias"],"_links":{"self":[{"href":"https:\/\/miradyved.org\/index.php\/wp-json\/wp\/v2\/posts\/7907","targetHints":{"allow":["GET"]}}],"collection":[{"href":"https:\/\/miradyved.org\/index.php\/wp-json\/wp\/v2\/posts"}],"about":[{"href":"https:\/\/miradyved.org\/index.php\/wp-json\/wp\/v2\/types\/post"}],"author":[{"embeddable":true,"href":"https:\/\/miradyved.org\/index.php\/wp-json\/wp\/v2\/users\/4"}],"replies":[{"embeddable":true,"href":"https:\/\/miradyved.org\/index.php\/wp-json\/wp\/v2\/comments?post=7907"}],"version-history":[{"count":4,"href":"https:\/\/miradyved.org\/index.php\/wp-json\/wp\/v2\/posts\/7907\/revisions"}],"predecessor-version":[{"id":7914,"href":"https:\/\/miradyved.org\/index.php\/wp-json\/wp\/v2\/posts\/7907\/revisions\/7914"}],"wp:featuredmedia":[{"embeddable":true,"href":"https:\/\/miradyved.org\/index.php\/wp-json\/wp\/v2\/media\/7908"}],"wp:attachment":[{"href":"https:\/\/miradyved.org\/index.php\/wp-json\/wp\/v2\/media?parent=7907"}],"wp:term":[{"taxonomy":"category","embeddable":true,"href":"https:\/\/miradyved.org\/index.php\/wp-json\/wp\/v2\/categories?post=7907"},{"taxonomy":"post_tag","embeddable":true,"href":"https:\/\/miradyved.org\/index.php\/wp-json\/wp\/v2\/tags?post=7907"}],"curies":[{"name":"wp","href":"https:\/\/api.w.org\/{rel}","templated":true}]}}