{"id":8109,"date":"2025-09-11T11:25:16","date_gmt":"2025-09-11T11:25:16","guid":{"rendered":"https:\/\/miradyved.org\/?p=8109"},"modified":"2025-09-14T14:40:52","modified_gmt":"2025-09-14T14:40:52","slug":"funcion-y-besamanos-ntra-sra-de-los-dolores","status":"publish","type":"post","link":"https:\/\/miradyved.org\/index.php\/2025\/09\/11\/funcion-y-besamanos-ntra-sra-de-los-dolores\/","title":{"rendered":"Funci\u00f3n y besamanos Ntra. Sra. de los Dolores."},"content":{"rendered":"\t\t<div data-elementor-type=\"wp-post\" data-elementor-id=\"8109\" class=\"elementor elementor-8109\" data-elementor-post-type=\"post\">\n\t\t\t\t<div class=\"elementor-element elementor-element-17ba2f5 e-flex e-con-boxed e-con e-parent\" data-id=\"17ba2f5\" data-element_type=\"container\" data-e-type=\"container\">\n\t\t\t\t\t<div class=\"e-con-inner\">\n\t\t\t\t<div class=\"elementor-element elementor-element-85d3ddb elementor-widget elementor-widget-text-editor\" data-id=\"85d3ddb\" data-element_type=\"widget\" data-e-type=\"widget\" data-widget_type=\"text-editor.default\">\n\t\t\t\t<div class=\"elementor-widget-container\">\n\t\t\t\t\t\t\t\t\t<p>Con motivo de la Festividad de los Dolores Gloriosos de Mar\u00eda, como es tradicional, durante los d\u00edas 12, 13 y 14 de septiembre la Virgen de los Dolores estar\u00e1 en el Altar Mayor de la Colegial.<\/p><p>Viernes 12 de septiembre a las 21:00.<br \/>Traslado de Ntra. Sra. de los Dolores desde su altar hasta el altar Mayor portada por las hermanas y devotas integrantes del Grupo de mujeres de la Hermandad.<\/p><p>S\u00e1bado 13 de septiembre <br \/>La virgen estar\u00e1 en besamos tras las misas de la parroquia.<\/p><p>Domingo 14 de septiembre a las 20:30<br \/>Funci\u00f3n Principal a cargo de D. Jos\u00e9 Francisco Garc\u00eda Guti\u00e9rrez, P\u00e1rroco de Santa Mar\u00eda de las Nieves y director espiritual de nuestra Hermandad.<\/p><p>A la finalizaci\u00f3n de la misma, empezar\u00e1 el besamanos de Ntra. Sra. de los Dolores.<\/p><p>Lunes 15 de septiembre a las 21:00<br \/>Traslado de Ntra. Sra. de los Dolores del altar Mayor a su Capilla, portada por el Grupo Joven de Nuestra Hermandad.<\/p>\t\t\t\t\t\t\t\t<\/div>\n\t\t\t\t<\/div>\n\t\t\t\t\t<\/div>\n\t\t\t\t<\/div>\n\t\t<div class=\"elementor-element elementor-element-61316a1 e-flex e-con-boxed e-con e-parent\" data-id=\"61316a1\" data-element_type=\"container\" data-e-type=\"container\">\n\t\t\t\t\t<div class=\"e-con-inner\">\n\t\t\t\t<div class=\"elementor-element elementor-element-8f7c3e5 elementor-widget elementor-widget-image\" data-id=\"8f7c3e5\" data-element_type=\"widget\" data-e-type=\"widget\" data-widget_type=\"image.default\">\n\t\t\t\t<div class=\"elementor-widget-container\">\n\t\t\t\t\t\t\t\t\t\t\t\t\t\t\t<img fetchpriority=\"high\" decoding=\"async\" width=\"724\" height=\"1024\" src=\"https:\/\/miradyved.org\/wp-content\/uploads\/2025\/09\/Imagen-de-WhatsApp-2025-08-28-a-las-10.34.39_6faa9910-724x1024.jpg\" class=\"attachment-large size-large wp-image-8110\" alt=\"\" srcset=\"https:\/\/miradyved.org\/wp-content\/uploads\/2025\/09\/Imagen-de-WhatsApp-2025-08-28-a-las-10.34.39_6faa9910-724x1024.jpg 724w, https:\/\/miradyved.org\/wp-content\/uploads\/2025\/09\/Imagen-de-WhatsApp-2025-08-28-a-las-10.34.39_6faa9910-212x300.jpg 212w, https:\/\/miradyved.org\/wp-content\/uploads\/2025\/09\/Imagen-de-WhatsApp-2025-08-28-a-las-10.34.39_6faa9910-768x1086.jpg 768w, https:\/\/miradyved.org\/wp-content\/uploads\/2025\/09\/Imagen-de-WhatsApp-2025-08-28-a-las-10.34.39_6faa9910-1086x1536.jpg 1086w, https:\/\/miradyved.org\/wp-content\/uploads\/2025\/09\/Imagen-de-WhatsApp-2025-08-28-a-las-10.34.39_6faa9910.jpg 1131w\" sizes=\"(max-width: 724px) 100vw, 724px\" \/>\t\t\t\t\t\t\t\t\t\t\t\t\t\t\t<\/div>\n\t\t\t\t<\/div>\n\t\t\t\t\t<\/div>\n\t\t\t\t<\/div>\n\t\t\t\t<\/div>\n\t\t","protected":false},"excerpt":{"rendered":"<p>Con motivo de la Festividad de los Dolores Gloriosos de Mar\u00eda, como es tradicional, durante los d\u00edas 12, 13 y 14 de septiembre la Virgen de los Dolores estar\u00e1 en el Altar Mayor de la Colegial. Viernes 12 de septiembre a las 21:00.Traslado de Ntra. Sra. de los Dolores desde su altar hasta el altar [&hellip;]<\/p>\n","protected":false},"author":4,"featured_media":8110,"comment_status":"closed","ping_status":"closed","sticky":false,"template":"","format":"standard","meta":{"footnotes":""},"categories":[12],"tags":[],"class_list":["post-8109","post","type-post","status-publish","format-standard","has-post-thumbnail","hentry","category-noticias"],"_links":{"self":[{"href":"https:\/\/miradyved.org\/index.php\/wp-json\/wp\/v2\/posts\/8109","targetHints":{"allow":["GET"]}}],"collection":[{"href":"https:\/\/miradyved.org\/index.php\/wp-json\/wp\/v2\/posts"}],"about":[{"href":"https:\/\/miradyved.org\/index.php\/wp-json\/wp\/v2\/types\/post"}],"author":[{"embeddable":true,"href":"https:\/\/miradyved.org\/index.php\/wp-json\/wp\/v2\/users\/4"}],"replies":[{"embeddable":true,"href":"https:\/\/miradyved.org\/index.php\/wp-json\/wp\/v2\/comments?post=8109"}],"version-history":[{"count":7,"href":"https:\/\/miradyved.org\/index.php\/wp-json\/wp\/v2\/posts\/8109\/revisions"}],"predecessor-version":[{"id":8117,"href":"https:\/\/miradyved.org\/index.php\/wp-json\/wp\/v2\/posts\/8109\/revisions\/8117"}],"wp:featuredmedia":[{"embeddable":true,"href":"https:\/\/miradyved.org\/index.php\/wp-json\/wp\/v2\/media\/8110"}],"wp:attachment":[{"href":"https:\/\/miradyved.org\/index.php\/wp-json\/wp\/v2\/media?parent=8109"}],"wp:term":[{"taxonomy":"category","embeddable":true,"href":"https:\/\/miradyved.org\/index.php\/wp-json\/wp\/v2\/categories?post=8109"},{"taxonomy":"post_tag","embeddable":true,"href":"https:\/\/miradyved.org\/index.php\/wp-json\/wp\/v2\/tags?post=8109"}],"curies":[{"name":"wp","href":"https:\/\/api.w.org\/{rel}","templated":true}]}}